{"id":47415,"date":"2026-08-31T15:36:06","date_gmt":"2026-08-31T19:36:06","guid":{"rendered":"https:\/\/aladyr.net\/?p=47415"},"modified":"2026-08-31T15:38:34","modified_gmt":"2026-08-31T19:38:34","slug":"congresso-aladyr-brasil-2026-seguranca-hidrica-a-infraestrutura-estrategica-para-a-competitividade-da-america-latina","status":"publish","type":"post","link":"https:\/\/aladyr.net\/en\/2026\/08\/31\/congresso-aladyr-brasil-2026-seguranca-hidrica-a-infraestrutura-estrategica-para-a-competitividade-da-america-latina\/","title":{"rendered":"Congresso ALADYR Brasil 2026 &#8220;Seguran\u00e7a H\u00eddrica: A Infraestrutura Estrat\u00e9gica para a Competitividade da Am\u00e9rica Latina&#8221;"},"content":{"rendered":"\n<figure class=\"wp-block-image size-large\"><a href=\"https:\/\/aladyr.net\/pt-br\/eventos-anuales\/sao-paulo-brasil-2026\/\"><img loading=\"lazy\" decoding=\"async\" width=\"1024\" height=\"576\" src=\"https:\/\/aladyr.net\/wp-content\/uploads\/2026\/08\/Brochure-Brasil-202602_page-0001-1024x576.jpg\" alt=\"\" class=\"wp-image-47419\" srcset=\"https:\/\/aladyr.net\/wp-content\/uploads\/2026\/08\/Brochure-Brasil-202602_page-0001-1024x576.jpg 1024w, https:\/\/aladyr.net\/wp-content\/uploads\/2026\/08\/Brochure-Brasil-202602_page-0001-300x169.jpg 300w, https:\/\/aladyr.net\/wp-content\/uploads\/2026\/08\/Brochure-Brasil-202602_page-0001-768x432.jpg 768w, https:\/\/aladyr.net\/wp-content\/uploads\/2026\/08\/Brochure-Brasil-202602_page-0001-1536x864.jpg 1536w, https:\/\/aladyr.net\/wp-content\/uploads\/2026\/08\/Brochure-Brasil-202602_page-0001-2048x1152.jpg 2048w, https:\/\/aladyr.net\/wp-content\/uploads\/2026\/08\/Brochure-Brasil-202602_page-0001-100x56.jpg 100w, https:\/\/aladyr.net\/wp-content\/uploads\/2026\/08\/Brochure-Brasil-202602_page-0001-1200x675.jpg 1200w\" sizes=\"auto, (max-width: 1024px) 100vw, 1024px\" \/><\/a><\/figure>\n\n\n\n<ul class=\"wp-block-list\">\n<li>O encontro da\u00a0<strong>Associa\u00e7\u00e3o Latino-Americana de Dessaliniza\u00e7\u00e3o e Re\u00faso de \u00c1gua, ALADYR,<\/strong>reunir\u00e1 especialistas e l\u00edderes do setor nos\u00a0<strong>dias 16 e 17<\/strong>\u00a0de setembro no\u00a0<strong>InterContinental Hotel S\u00e3o Paulo<\/strong>.<\/li>\n\n\n\n<li>Ao reunir, em um mesmo espa\u00e7o, fornecedores de tecnologia, empresas de engenharia e usu\u00e1rios finais, o evento facilita o interc\u00e2mbio de conhecimentos e crit\u00e9rios t\u00e9cnicos essenciais para a viabilidade da gest\u00e3o h\u00eddrica.<\/li>\n\n\n\n<li>A agenda t\u00e9cnica ter\u00e1 como foco a diversifica\u00e7\u00e3o da matriz h\u00eddrica por meio de alternativas como a dessaliniza\u00e7\u00e3o, o re\u00faso de efluentes, a economia circular e a otimiza\u00e7\u00e3o de processos.<\/li>\n\n\n\n<li>Representantes de \u00f3rg\u00e3os p\u00fablicos e empresas privadas analisar\u00e3o modelos operacionais vi\u00e1veis para garantir a continuidade da produ\u00e7\u00e3o industrial diante de eventos clim\u00e1ticos extremos.<\/li>\n<\/ul>\n\n\n\n<p class=\"wp-block-paragraph\"><strong>S\u00c3O PAULO, BRASIL<\/strong>&nbsp;\u2013 Com o proposito de expor alternativas de gest\u00e3o t\u00e9cnica e estrat\u00e9gias operacionais que respondam \u00e0s demandas atuais de \u00e1gua para garantir a seguran\u00e7a h\u00eddrica na Am\u00e9rica Latina, a Associa\u00e7\u00e3o Latino-Americana de Dessaliniza\u00e7\u00e3o e Re\u00faso da \u00c1gua, ALADYR, realizar\u00e1 o&nbsp;<strong>Congresso ALADYR Brasil 2026&nbsp;<\/strong>nos dias 16 e 17 de setembro em S\u00e3o Paulo.&nbsp;<\/p>\n\n\n<div class=\"wp-block-image\">\n<figure class=\"alignleft size-large is-resized\"><img loading=\"lazy\" decoding=\"async\" width=\"637\" height=\"1024\" src=\"https:\/\/aladyr.net\/wp-content\/uploads\/2026\/08\/Eduardo-Pedroza-diretor-da-ALADYR-637x1024.jpg\" alt=\"\" class=\"wp-image-47416\" style=\"aspect-ratio:0.6220971147079521;width:191px;height:auto\" srcset=\"https:\/\/aladyr.net\/wp-content\/uploads\/2026\/08\/Eduardo-Pedroza-diretor-da-ALADYR-637x1024.jpg 637w, https:\/\/aladyr.net\/wp-content\/uploads\/2026\/08\/Eduardo-Pedroza-diretor-da-ALADYR-187x300.jpg 187w, https:\/\/aladyr.net\/wp-content\/uploads\/2026\/08\/Eduardo-Pedroza-diretor-da-ALADYR-768x1235.jpg 768w, https:\/\/aladyr.net\/wp-content\/uploads\/2026\/08\/Eduardo-Pedroza-diretor-da-ALADYR-100x161.jpg 100w, https:\/\/aladyr.net\/wp-content\/uploads\/2026\/08\/Eduardo-Pedroza-diretor-da-ALADYR.jpg 796w\" sizes=\"auto, (max-width: 637px) 100vw, 637px\" \/><figcaption class=\"wp-element-caption\">Eduardo Pedroza, diretor da ALADYR<\/figcaption><\/figure>\n<\/div>\n\n\n<p class=\"wp-block-paragraph\">Sob o t\u00edtulo oficial&nbsp;<strong>\u201cSeguran\u00e7a H\u00eddrica: A Infraestrutura Estrat\u00e9gica para a Competitividade da Am\u00e9rica Latina\u201d<\/strong>, o encontro apresenta um chamado urgente \u00e0 a\u00e7\u00e3o: \u201cA viabilidade econ\u00f4mica e o desenvolvimento social da regi\u00e3o est\u00e3o condicionados a uma mudan\u00e7a radical e imprescind\u00edvel na gest\u00e3o da \u00e1gua. Diante de um cen\u00e1rio marcado por eventos clim\u00e1ticos extremos hist\u00f3ricos, a premissa da ALADYR \u00e9 adotar a economia circular da \u00e1gua, o re\u00faso, a dessaliniza\u00e7\u00e3o e a diversifica\u00e7\u00e3o das fontes n\u00e3o como metas de longo prazo, mas como solu\u00e7\u00f5es estrat\u00e9gicas indispens\u00e1veis para mitigar o risco de paralisa\u00e7\u00f5es operacionais, do desabastecimento humano e industrial e, consequentemente, superar as limita\u00e7\u00f5es ao alcance e ao crescimento regional associadas \u00e0 seguran\u00e7a h\u00eddrica\u201d, declarou Eduardo Pedroza, diretor da ALADYR.&nbsp;<\/p>\n\n\n\n<p class=\"wp-block-paragraph\">A relev\u00e2ncia da agenda da ALADYR reside no fato de que a Am\u00e9rica Latina enfrenta uma press\u00e3o crescente sobre seus recursos h\u00eddricos, com desabastecimento, qualidade cr\u00edtica da \u00e1gua em algumas regi\u00f5es, conflitos relacionados ao uso desse recurso, entre outras circunst\u00e2ncias decorrentes do acelerado desenvolvimento industrial e urbano, somado a uma marcada variabilidade clim\u00e1tica. Tradicionalmente, a seguran\u00e7a h\u00eddrica tem sido abordada de maneira reativa. No entanto, este congresso prop\u00f5e uma mudan\u00e7a de paradigma, baseada na gest\u00e3o eficiente e sustent\u00e1vel e na diversifica\u00e7\u00e3o da matriz h\u00eddrica.<\/p>\n\n\n\n<p class=\"wp-block-paragraph\">O re\u00faso de efluentes e a dessaliniza\u00e7\u00e3o j\u00e1 n\u00e3o constituem op\u00e7\u00f5es secund\u00e1rias, mas alternativas essenciais para garantir a continuidade operacional de setores industriais estrat\u00e9gicos, como os segmentos aliment\u00edcio, sider\u00fargico e qu\u00edmico. Ao implementar esses modelos de economia circular, as empresas n\u00e3o apenas protegem suas cadeias de valor contra os efeitos das secas, mas tamb\u00e9m reduzem a press\u00e3o sobre as fontes de \u00e1gua doce superficiais e subterr\u00e2neas, preservando-as para o consumo da popula\u00e7\u00e3o. A gest\u00e3o h\u00eddrica eficiente torna-se, assim, um pilar fundamental para sustentar tanto a competitividade dos neg\u00f3cios quanto a resili\u00eancia social e ambiental dos pa\u00edses latino-americanos.<\/p>\n\n\n\n<p class=\"wp-block-paragraph\"><strong>Respaldo corporativo e institucional ao setor<\/strong><\/p>\n\n\n\n<p class=\"wp-block-paragraph\">O congresso conta com a participa\u00e7\u00e3o e apoio de empresas e organiza\u00e7\u00f5es ligadas \u00e0 gest\u00e3o dos recursos h\u00eddricos no continente. A empresa GS Inima lidera o grupo de patrocinadores, acompanhada por empresas internacionais como American Water Chemicals (AWC), Veolia, Fluence, Toray, Amiad Water Systems, Danfoss, FTReuse, H2O Innovation e Acciona e ROPV<\/p>\n\n\n\n<p class=\"wp-block-paragraph\">No n\u00edvel institucional, o evento re\u00fane a colabora\u00e7\u00e3o de entidades setoriais e t\u00e9cnicas relevantes no ambiente regulat\u00f3rio e industrial, incluindo a Confedera\u00e7\u00e3o Nacional da Ind\u00fastria (CNI), a Associa\u00e7\u00e3o Brasileira de Engenharia Sanit\u00e1ria e Ambiental (AIDIS), Water Positive, a Associa\u00e7\u00e3o das Empresas de Saneamento B\u00e1sico Estaduais (Aesbe), Sabesp, o Portal Saneamento B\u00e1sica, o Portal Tratamento de \u00c1gua, IFAT Brasil e Wavv.<\/p>\n\n\n\n<p class=\"wp-block-paragraph\"><strong>Eixos da Agenda T\u00e9cnica e Pain\u00e9is de Discuss\u00e3o<\/strong><\/p>\n\n\n\n<p class=\"wp-block-paragraph\">O programa t\u00e9cnico foi estruturado em blocos espec\u00edficos para revisar modelos de gest\u00e3o bem-sucedidos, alternativas regulat\u00f3rias e otimiza\u00e7\u00e3o em engenharia:<\/p>\n\n\n\n<ol start=\"1\" class=\"wp-block-list\">\n<li><strong>Mudan\u00e7as Clim\u00e1ticas e Seguran\u00e7a H\u00eddrica:<\/strong>\u00a0An\u00e1lise introdut\u00f3ria sobre como adaptar os modelos operacionais de abastecimento diante da escassez h\u00eddrica regional. Este painel contar\u00e1 com as interven\u00e7\u00f5es de\u00a0<em>M\u00e1rio Cardoso -CNI,<\/em>\u00a0<em>Tib\u00e9rio M. Pinheiro -ANA<\/em>\u00a0e a modera\u00e7\u00e3o de\u00a0<em>Eduardo Pedroza -GS Inima\/ALADYR<\/em>.<\/li>\n\n\n\n<li><strong>Respostas Globais e Fontes Alternativas:<\/strong>\u00a0Bloco dedicado \u00e0s li\u00e7\u00f5es aprendidas em mercados internacionais. Participar\u00e3o <em>John Patrick Kmiec<\/em>, da <em>Tucson Water (EUA)<\/em>, que apresentar\u00e1 casos de re\u00faso pot\u00e1vel direto, e <em>Ricard Frigola<\/em>, da <em>Cambra de Comer\u00e7 Brasil-Catalunya<\/em>, que compartilhar\u00e1 a experi\u00eancia de diversifica\u00e7\u00e3o h\u00eddrica em Barcelona, sob a modera\u00e7\u00e3o de <em>Marcio Jos\u00e9 -Aquapolo<\/em>.<\/li>\n\n\n\n<li><strong>Panorama dos Projetos na Am\u00e9rica Latina:<\/strong>\u00a0Apresenta\u00e7\u00e3o de alternativas operacionais em desenvolvimento no M\u00e9xico, Brasil, Chile e Argentina. O espa\u00e7o ser\u00e1 coordenado por\u00a0<em>Jorge Augello &#8211; Acuantia<\/em>\u00a0e contar\u00e1 com apresenta\u00e7\u00f5es de\u00a0<em>Roberto Ramos &#8211; Fluence<\/em>,\u00a0<em>Vera Kneip &#8211; Veolia<\/em>,\u00a0<em>Jamille Biondillo &#8211; GS Inima<\/em>\u00a0e\u00a0<em>Brenno Machado &#8211;\u00a0Acciona<\/em>.<\/li>\n\n\n\n<li><strong>Comunica\u00e7\u00e3o, Mitos e Licen\u00e7a social:<\/strong>\u00a0Espa\u00e7o voltado para avaliar as barreiras regulat\u00f3rias e a percep\u00e7\u00e3o p\u00fablica que condicionam a ado\u00e7\u00e3o de novas fontes h\u00eddricas. Os participantes incluem\u00a0<em>Bernardo Enne -ArcelorMittal<\/em>,\u00a0<em>Ricardo Galv\u00e3o -\u00c1guas de Re\u00faso Vit\u00f3ria\u00a0<\/em>e\u00a0<em>Alexandre Perufo -AEGEA<\/em>, moderado por\u00a0<em>Desiery Marchini -Cesan\/Aesbe.<\/em><\/li>\n\n\n\n<li><strong>Gest\u00e3o H\u00eddrica Corporativa e Water Positive:<\/strong>\u00a0Discuss\u00e3o sobre como as empresas podem implementar estrat\u00e9gias de redu\u00e7\u00e3o, recircula\u00e7\u00e3o e compensa\u00e7\u00e3o para devolver \u00e1gua de qualidade ao entorno. Moderado por\u00a0<em>Luiz Bezerra -L\u00e1guaz<\/em>, contar\u00e1 com\u00a0<em>Andr\u00e9 Villa\u00e7a Ramalho -Pacto Global da ONU<\/em>\u00a0e\u00a0<em>Alejandro Sturniolo -Water Positive<\/em>.<\/li>\n\n\n\n<li><strong>Experi\u00eancia do Usu\u00e1rio Final:<\/strong>\u00a0Apresenta\u00e7\u00e3o de resultados pr\u00e1ticos em plantas ind\u00fastrias de grande escala.\u00a0<em>Danilo Scarpari, da Cargill,<\/em>\u00a0compartilhar\u00e1 casos de re\u00faso no setor aliment\u00edcio, enquanto\u00a0<em>Bianca Gorgona, da Smurfit Westrock<\/em>, abordar\u00e1 a jornada de cuidado do recurso no setor florestal, com a modera\u00e7\u00e3o de\u00a0<em>Marcelo Bueno, da Toray\/ALADYR<\/em>.<\/li>\n\n\n\n<li><strong>Inova\u00e7\u00e3o, Tecnologias e Projetos (Casos de Sucesso e Inova\u00e7\u00f5es):\u00a0<\/strong>Blocos t\u00e9cnicos focados em otimiza\u00e7\u00e3o, efici\u00eancia energ\u00e9tica e tecnologias aplicadas para a seguran\u00e7a h\u00eddrica, moderados por <em>Vitor Collete<\/em> da <em>Veolia<\/em> e <em>Manuel Garc\u00eda de la Mata<\/em> da <em>Fluence\/ALADYR<\/em>. Participam as seguintes empresas: <em>Toray, AWC, Danfoss, H2O Innovation, Amiad, ROPV &#8211; Impac Filtration, DuPont, Aquatech, Atlantium, BF&amp;Dias, Keen Sen, Water Hub, Engeper e Embrapa.<\/em><\/li>\n<\/ol>\n\n\n\n<p class=\"wp-block-paragraph\">&#8220;A proposta de valor do Congresso ALADYR Brasil 2026 reside em sua capacidade de oferecer respostas concretas aos riscos de abastecimento de \u00e1gua enfrentados pelas ind\u00fastrias na Am\u00e9rica Latina e pela popula\u00e7\u00e3o. Ao reunir, em um mesmo espa\u00e7o, fornecedores de tecnologia, empresas de engenharia e usu\u00e1rios finais, o evento promove o interc\u00e2mbio de conhecimentos e crit\u00e9rios t\u00e9cnicos essenciais para a viabilidade da gest\u00e3o h\u00eddrica. Al\u00e9m disso, o congresso oferece um referencial sobre como a adapta\u00e7\u00e3o de fontes alternativas de \u00e1gua pode reduzir a vulnerabilidade operacional das empresas e fortalecer sua licen\u00e7a social para operar, diante das crescentes exig\u00eancias regulat\u00f3rias e das demandas das comunidades\u201d, destacou Pedroza.<\/p>\n\n\n\n<p class=\"wp-block-paragraph\"><strong>Sobre a ALADYR:\u00a0<\/strong>A Associa\u00e7\u00e3o Latino-Americana de Dessaliniza\u00e7\u00e3o e Re\u00faso de \u00c1gua (ALADYR) \u00e9 uma entidade setorial sem fins lucrativos, fundada em 2010, uma organiza\u00e7\u00e3o de refer\u00eancia internacional em gest\u00e3o h\u00eddrica eficiente. Re\u00fane mais de 140 associados \u2014 l\u00edderes em servi\u00e7os, produtos e fornecimento de solu\u00e7\u00f5es relacionadas \u00e0 gest\u00e3o da \u00e1gua e de efluentes \u2014 com o objetivo de promover o conhecimento e a implementa\u00e7\u00e3o de tecnologias destinadas \u00e0 dessaliniza\u00e7\u00e3o, ao re\u00faso da \u00e1gua e ao tratamento eficiente de efluentes, impulsionando a sustentabilidade e a efici\u00eancia h\u00eddrica\u00a0<\/p>\n","protected":false},"excerpt":{"rendered":"<p>S\u00c3O PAULO, BRASIL&nbsp;\u2013 Com o proposito de expor alternativas de gest\u00e3o t\u00e9cnica e estrat\u00e9gias operacionais que respondam \u00e0s demandas atuais de \u00e1gua para garantir a seguran\u00e7a h\u00eddrica na Am\u00e9rica Latina, a Associa\u00e7\u00e3o Latino-Americana de Dessaliniza\u00e7\u00e3o e Re\u00faso da \u00c1gua, ALADYR, realizar\u00e1 o&nbsp;Congresso ALADYR Brasil 2026&nbsp;nos dias 16 e 17 de setembro em S\u00e3o Paulo.&nbsp; Sob o t\u00edtulo oficial&nbsp;\u201cSeguran\u00e7a H\u00eddrica: A &#8230;<\/p>\n","protected":false},"author":3958,"featured_media":47419,"comment_status":"closed","ping_status":"closed","sticky":false,"template":"","format":"standard","meta":{"footnotes":""},"categories":[62],"tags":[],"class_list":["post-47415","post","type-post","status-publish","format-standard","has-post-thumbnail","hentry","category-noticias"],"_links":{"self":[{"href":"https:\/\/aladyr.net\/en\/wp-json\/wp\/v2\/posts\/47415","targetHints":{"allow":["GET"]}}],"collection":[{"href":"https:\/\/aladyr.net\/en\/wp-json\/wp\/v2\/posts"}],"about":[{"href":"https:\/\/aladyr.net\/en\/wp-json\/wp\/v2\/types\/post"}],"author":[{"embeddable":true,"href":"https:\/\/aladyr.net\/en\/wp-json\/wp\/v2\/users\/3958"}],"replies":[{"embeddable":true,"href":"https:\/\/aladyr.net\/en\/wp-json\/wp\/v2\/comments?post=47415"}],"version-history":[{"count":3,"href":"https:\/\/aladyr.net\/en\/wp-json\/wp\/v2\/posts\/47415\/revisions"}],"predecessor-version":[{"id":47425,"href":"https:\/\/aladyr.net\/en\/wp-json\/wp\/v2\/posts\/47415\/revisions\/47425"}],"wp:featuredmedia":[{"embeddable":true,"href":"https:\/\/aladyr.net\/en\/wp-json\/wp\/v2\/media\/47419"}],"wp:attachment":[{"href":"https:\/\/aladyr.net\/en\/wp-json\/wp\/v2\/media?parent=47415"}],"wp:term":[{"taxonomy":"category","embeddable":true,"href":"https:\/\/aladyr.net\/en\/wp-json\/wp\/v2\/categories?post=47415"},{"taxonomy":"post_tag","embeddable":true,"href":"https:\/\/aladyr.net\/en\/wp-json\/wp\/v2\/tags?post=47415"}],"curies":[{"name":"wp","href":"https:\/\/api.w.org\/{rel}","templated":true}]}}